{"id":2023,"date":"2025-06-15T13:00:13","date_gmt":"2025-06-15T10:00:13","guid":{"rendered":"https:\/\/elvanbayraktar.com\/kommentare-nach-prominenter-ohrchirurgie\/"},"modified":"2026-04-21T17:45:17","modified_gmt":"2026-04-21T14:45:17","slug":"kommentare-nach-prominenter-ohrchirurgie","status":"publish","type":"post","link":"https:\/\/elvanbayraktar.com\/de\/kommentare-nach-prominenter-ohrchirurgie\/","title":{"rendered":"Kommentare nach prominenter Ohrchirurgie"},"content":{"rendered":"<p>Die Operation des abstehenden Ohres (Otoplastik) geh\u00f6rt zu den chirurgischen Eingriffen, die vor allem aus \u00e4sthetischen Gr\u00fcnden bevorzugt werden und sich positiv auf das Selbstvertrauen auswirken. Die Kommentare unserer Patienten, die sich dieser Operation in unserer Klinik unterzogen haben, spiegeln ihre Zufriedenheit sowohl mit der Ver\u00e4nderung des physischen Aussehens als auch mit der psychologischen Erleichterung wider. Dank der nat\u00fcrlich aussehenden Ohrform, die nach der Operation mit den Gesichtskonturen kompatibel ist, f\u00fchlen sich unsere Patienten in ihrem gesellschaftlichen Leben wohler und geben positive R\u00fcckmeldungen. Die <strong>Kommentare nach der<\/strong> Operation in unserer Klinik und <strong>nach prominenten Ohr-Operationen<\/strong> lauten wie folgt:<\/p>\n<ul>\n<li>&#8222;Seit meiner Kindheit hat mich die Form meiner Ohren immer demoralisiert. Obwohl ich den Spott nicht h\u00f6rte, f\u00fchlte ich mich selbst sehr unwohl. Wenn ich mich fotografieren lie\u00df, warf ich meine Haare besonders weit nach vorne und versuchte, meine Ohren zu verstecken. Als ich nach der Operation in den Spiegel sah, f\u00fchlte ich mich wie ein neuer Mensch. Es sieht nat\u00fcrlich aus, ohne \u00dcbertreibung. Der Heilungsprozess war nicht so schwierig, wie ich dachte. Jetzt kann ich mein Haar sogar mit Selbstvertrauen zu einem Dutt tragen.&#8220;<\/li>\n<li>&#8222;Ich habe diese Operation seit Jahren aufgeschoben und vergeblich gewartet. Der Eingriff war kurz und ich hatte fast keine Schmerzen. In den ersten Tagen muss man vorsichtig sein, aber danach ist es sehr angenehm. Das Sch\u00f6nste ist, dass das Ergebnis nat\u00fcrlich ist. Keiner merkt es, aber ich f\u00fchle mich viel besser.&#8220;<\/li>\n<li>&#8222;Als Kind wurde ich wegen meiner Ohren oft verspottet, und das sa\u00df in mir. Jetzt, wo ich 30 bin, habe ich mich endlich entschieden und bin sehr gl\u00fccklich. Zum ersten Mal nach der Operation f\u00fchle ich mich v\u00f6llig wohl. Ich f\u00fchle mich jetzt sogar wohl, wenn ich zum Friseur gehe. Ich muss meine Ohren nicht mehr verstecken, wenn ich an eine Frisur denke.&#8220;<\/li>\n<li>&#8222;Wir haben mein Kind f\u00fcr diese Operation in die Klinik gebracht. Er ist 11 Jahre alt und hatte begonnen, sich zur\u00fcckzuziehen, weil er in der Schule st\u00e4ndig wegen seiner Ohren geh\u00e4nselt wurde. Das Interesse des Arztes und die Informationen \u00fcber den Prozess haben uns sehr beruhigt. Jetzt geht es meinem Sohn sowohl physisch als auch psychisch viel besser. Ich bin froh, dass wir diesen Schritt getan haben.&#8220;<\/li>\n<li>&#8222;Prominente Ohren waren schon immer ein Komplex f\u00fcr mich. Man sagt, dass das Aussehen nicht sehr wichtig ist, aber wenn man sich nicht wohl f\u00fchlt, kann man nichts genie\u00dfen. Jetzt schneide ich mir die Haare kurz, laufe bequem herum und meine Ohren sind sehr harmonisch mit meinem Gesicht. Es macht wirklich einen gro\u00dfen Unterschied mit einer kleinen Ber\u00fchrung.&#8220;<\/li>\n<li>&#8222;Die Operation war sehr kurz und wurde unter \u00f6rtlicher Bet\u00e4ubung durchgef\u00fchrt. Ich bin nach dem Eingriff ein wenig bandagiert herumgelaufen, aber das hat niemand bemerkt. Am Anfang gibt es eine leichte Schwellung und ein Taubheitsgef\u00fchl, aber das legt sich in ein paar Wochen. Jetzt sieht es so nat\u00fcrlich aus, dass jemand, der nicht einmal wei\u00df, dass ich operiert wurde, es nicht einmal bemerkt.&#8220;<\/li>\n<li>&#8222;Meine Ohren waren zu sehr nach au\u00dfen gerichtet, vor allem von der Seite betrachtet waren sie sehr auff\u00e4llig. Durch meinen Job war ich st\u00e4ndig unter Leuten und diese Situation hat mich gest\u00f6rt. Jetzt bin ich sehr zufrieden, meine Ohren sind da, wo sie sein sollten und passen besser zu meinem Gesicht. Ich w\u00fcnschte, ich h\u00e4tte es fr\u00fcher machen lassen.&#8220;<\/li>\n<li>&#8222;Das, wovor ich vor der Operation am meisten Angst hatte, war die Narbenbildung, aber mein Arzt hat die F\u00e4den hinter dem Ohr gezogen, so dass keine Narbe sichtbar ist. Es gibt kein Problem, wenn man w\u00e4hrend der Heilungsphase aufpasst. Nach einer kurzen Zeit der Geduld stellt sich ein sehr langfristiges Selbstvertrauen ein.&#8220;<\/li>\n<li>&#8222;Am ersten Tag nach der Operation ist ein Druckgef\u00fchl vorhanden, aber ich kann es nicht als Schmerz bezeichnen. Man muss nur vorsichtig sein, wenn man sich hinlegt. Nach 1 Woche wurden die Verb\u00e4nde ge\u00f6ffnet, ich habe zum ersten Mal mit so viel Selbstvertrauen vor dem Spiegel auf meine Ohren geschaut. Jetzt sammle ich meine Haare, wie ich will, ich bin sehr erleichtert.&#8220;<\/li>\n<li>&#8222;Ich wollte diese Operation schon als Kind, aber meine Familie war nicht daf\u00fcr. Jahre sp\u00e4ter traf ich meine eigene Entscheidung und lie\u00df sie durchf\u00fchren. Es ist eigentlich keine so gro\u00dfe Ver\u00e4nderung, aber die Selbstwahrnehmung \u00e4ndert sich v\u00f6llig. Jetzt passen meine Ohren zu meinem Gesicht und ich bin mit mir selbst im Reinen.&#8220;<\/li>\n<\/ul>\n<h2>Was ist eine prominente Ohrchirurgie?<\/h2>\n<p>Die Operation der abstehenden Ohren ist ein chirurgischer Eingriff zur Korrektur angeborener Ohrdeformationen. Diese Operation wird durchgef\u00fchrt, um die Ohren n\u00e4her an den Kopf zu bringen und den Ohrfalten ein nat\u00fcrlicheres Aussehen zu verleihen. W\u00e4hrend der Operation wird das \u00e4sthetische Erscheinungsbild der Ohren durch Eingriffe in den Ohrknorpel verbessert.<\/p>\n<p>Dieser Eingriff wird im Allgemeinen aufgrund seiner erzieherischen, sozialen und psychologischen Auswirkungen bevorzugt. Eine auff\u00e4llige Ohrenkorrektur, vor allem im Kindesalter, kann das Selbstvertrauen des Einzelnen st\u00e4rken und sich positiv auf sein soziales Leben auswirken. Es sollte jedoch nicht vergessen werden, dass diese Operation nicht nur f\u00fcr das physische Erscheinungsbild, sondern auch f\u00fcr die psychische Gesundheit des Einzelnen wichtig ist.<\/p>\n<p class=\"\" data-start=\"704\" data-end=\"1082\">Die Zufriedenheit der Patienten ist bei Eingriffen im Gesicht wie der Ohr\u00e4sthetik von gro\u00dfer Bedeutung. Bevorzugt von Menschen, die einen Volumenverlust in der mittleren Gesichtspartie haben <strong data-start=\"855\" data-end=\"971\"><a class=\"\" href=\"https:\/\/elvanbayraktar.com\/de\/bewertungen-von-mid-face-fillers\/\" target=\"_new\" rel=\"noopener\" data-start=\"857\" data-end=\"969\">Bewertungen von Mid Face Fillers<\/a><\/strong> finden Sie echte Anwendererfahrungen \u00fcber die Auswirkungen solcher Eingriffe.<\/p>\n<h2>Wie wird die Operation des Prominenten Ohres durchgef\u00fchrt?<\/h2>\n<p>In unserer Klinik wird die prominente Ohrchirurgie von der Fach\u00e4rztin f\u00fcr Plastische Chirurgie Elvan Bayraktar speziell f\u00fcr die Ohrstruktur und die Erwartungen des Patienten geplant und durchgef\u00fchrt.<\/p>\n<ul>\n<li>Vor der Operation wird eine ausf\u00fchrliche Untersuchung durchgef\u00fchrt. Die am besten geeignete Technik wird durch die Beurteilung des Ohrwinkels, der Knorpelstruktur und der Gesichtsproportionen bestimmt.<\/li>\n<li>Der Eingriff wird in der Regel unter lokaler An\u00e4sthesie durchgef\u00fchrt und dauert durchschnittlich 1 bis 1,5 Stunden.<\/li>\n<li>Unser Chirurg formt das Knorpelgewebe mit einem kleinen Einschnitt hinter dem Ohr und bringt die Ohren n\u00e4her an den Kopf heran.<\/li>\n<li>Falls erforderlich, wird etwas Knorpel entfernt, um die Symmetrie zu gew\u00e4hrleisten.<\/li>\n<li>Am Ende des Eingriffs werden \u00e4sthetische F\u00e4den hinter dem Ohr platziert und die Narben werden versteckt, so dass sie nicht sichtbar sind.<\/li>\n<li>Der Heilungsprozess wird nach der Operation durch die Verwendung spezieller Verb\u00e4nde unterst\u00fctzt.<\/li>\n<\/ul>\n<p>Dank dieser Operation, die in unserer Klinik durchgef\u00fchrt wird, erzielen unsere Patienten ein dauerhaftes, nat\u00fcrliches und \u00e4sthetisch zufriedenstellendes Ergebnis.<\/p>\n<p data-pm-slice=\"0 0 []\">Als <a href=\"https:\/\/elvanbayraktar.com\/de\/\">Elvan Bayraktar<\/a> Aesthetic Clinic liegt uns Ihr Verst\u00e4ndnis von Sch\u00f6nheit am Herzen und wir sind bestrebt, Ihnen die richtigen \u00e4sthetischen L\u00f6sungen anzubieten. Wenn Sie ausf\u00fchrliche Informationen f\u00fcr nat\u00fcrliche, gesunde und dauerhafte Ergebnisse w\u00fcnschen, k\u00f6nnen Sie uns kontaktieren.<\/p>\n<h2>Wie viele Stunden dauert eine prominente Ohrenkorrektur?<\/h2>\n<p>Eine Operation am offenen Ohr ist in 1-2 Stunden abgeschlossen. Diese Zeit kann jedoch je nach dem speziellen Zustand des Patienten und den anzuwendenden Techniken variieren.<\/p>\n<p>W\u00e4hrend der Dauer der Operation muss die Vorbereitung des Patienten, einschlie\u00dflich des Narkoseprozesses, ber\u00fccksichtigt werden. Bei diesen Operationen, die unter Vollnarkose durchgef\u00fchrt werden, muss die Beobachtungszeit nach dem Aufwachen des Patienten hinzugerechnet werden. Dies kann sich ebenfalls auf die Gesamtdauer auswirken.<\/p>\n<figure id=\"attachment_1471\" aria-describedby=\"caption-attachment-1471\" style=\"width: 1536px\" class=\"wp-caption alignnone\"><img fetchpriority=\"high\" decoding=\"async\" class=\"size-full wp-image-1471\" src=\"https:\/\/elvanbayraktar.com\/wp-content\/uploads\/2025\/05\/KEPCE-KULAK.png\" alt=\"Kommentare nach prominenter Ohrchirurgie\" width=\"1536\" height=\"1024\" srcset=\"https:\/\/elvanbayraktar.com\/wp-content\/uploads\/2025\/05\/KEPCE-KULAK.png 1536w, https:\/\/elvanbayraktar.com\/wp-content\/uploads\/2025\/05\/KEPCE-KULAK-300x200.png 300w, https:\/\/elvanbayraktar.com\/wp-content\/uploads\/2025\/05\/KEPCE-KULAK-1024x683.png 1024w, https:\/\/elvanbayraktar.com\/wp-content\/uploads\/2025\/05\/KEPCE-KULAK-768x512.png 768w\" sizes=\"(max-width: 1536px) 100vw, 1536px\" \/><figcaption id=\"caption-attachment-1471\" class=\"wp-caption-text\">Kommentare nach prominenter Ohrchirurgie<\/figcaption><\/figure>\n<h2>In welchem Alter wird eine Operation am Prominenten Ohr durchgef\u00fchrt?<\/h2>\n<p>Die Operation des abstehenden Ohres ist ein chirurgischer Eingriff, der im Allgemeinen im Kindesalter bevorzugt wird. Diese Operation ist ein Eingriff, der f\u00fcr Kinder im Alter von 5-6 Jahren empfohlen wird. In dieser Zeit sind die Ohren der Kinder voll entwickelt und sie f\u00fchlen sich in einer sozialen Umgebung wohler. Aus diesem Grund w\u00fcnschen Familien in der Regel, dass die Operation bei ihren Kindern in diesem Alter durchgef\u00fchrt wird.<\/p>\n<p>In einigen F\u00e4llen kann die Operation auch in einem h\u00f6heren Alter durchgef\u00fchrt werden. Vor allem vor dem Eintritt in die Pubert\u00e4t entscheiden sich viele Menschen f\u00fcr eine Operation, um sich in der Gesellschaft sicherer und weniger unwohl zu f\u00fchlen.<\/p>\n<p>Der Heilungsprozess nach einer Operation kann je nach Alter unterschiedlich verlaufen. W\u00e4hrend der Heilungsprozess bei Kindern schneller abl\u00e4uft, kann dieser Zeitraum bei Erwachsenen l\u00e4nger dauern.<\/p>\n<p>Die Operation des hervortretenden Ohres ist ein Eingriff, der bereits in jungen Jahren empfohlen wird und positive Auswirkungen auf das soziale Leben hat. Familien k\u00f6nnen diese Operation in Betracht ziehen, um die psychologische und soziale Entwicklung ihrer Kinder zu unterst\u00fctzen.<\/p>\n<p>Menschen, die sich einer prominenten Ohrenkorrektur unterzogen haben oder diese in Erw\u00e4gung ziehen, sorgen sich auch um die allgemeine Harmonie der Gesichtsz\u00fcge. In diesem Zusammenhang, <strong data-start=\"1202\" data-end=\"1276\"><a class=\"\" href=\"https:\/\/elvanbayraktar.com\/de\/gesichtslifting-chirurgie\/\" target=\"_new\" rel=\"noopener\" data-start=\"1204\" data-end=\"1274\">Gesichtslifting Chirurgie<\/a><\/strong> Informationen auch f\u00fcr Sie interessant sein.<\/p>\n<h2>Wie viele Tage dauert die Heilung von Operationen am offenen Ohr?<\/h2>\n<p>Der Genesungsprozess nach einer prominenten Ohr-Operation kann je nach den individuellen Merkmalen jedes Einzelnen variieren. Im Allgemeinen f\u00fchlen sich die Patienten bereits einige Tage nach der Operation besser. Der vollst\u00e4ndige Genesungsprozess dauert jedoch in der Regel 1 bis 2 Wochen.<\/p>\n<p>Die ersten Tage k\u00f6nnen aufgrund der Schwellung und des Unbehagens, insbesondere im Ohrbereich, schwierig sein. Die Patienten sollten sich entsprechend den Empfehlungen des Arztes ausruhen und sich ausreichend Zeit lassen, bevor sie zu ihren normalen Aktivit\u00e4ten zur\u00fcckkehren. Ein weiterer Punkt, der bei diesem Prozess ber\u00fccksichtigt werden muss, ist der Schutz der Ohren vor \u00e4u\u00dferen Einfl\u00fcssen.<\/p>\n<p>Obwohl das Risiko von postoperativen Komplikationen gering ist, kann es bei einigen Patienten zu Infektionen oder Blutungen kommen. Aus diesem Grund ist es wichtig, die Symptome zu \u00fcberwachen und die Arztbesuche nicht zu unterbrechen. Um den Heilungsprozess zu beschleunigen, wird den Patienten geraten, sich gesund zu ern\u00e4hren und f\u00fcr eine ausreichende Fl\u00fcssigkeitszufuhr zu sorgen.<\/p>\n<figure id=\"attachment_1504\" aria-describedby=\"caption-attachment-1504\" style=\"width: 1080px\" class=\"wp-caption alignnone\"><img decoding=\"async\" class=\"size-full wp-image-1504\" src=\"https:\/\/elvanbayraktar.com\/wp-content\/uploads\/2025\/05\/Kepce-Kulak-Ameliyati-Sonrasi-Yorumlar.jpg\" alt=\"Kommentare nach prominenter Ohrchirurgie\" width=\"1080\" height=\"720\" srcset=\"https:\/\/elvanbayraktar.com\/wp-content\/uploads\/2025\/05\/Kepce-Kulak-Ameliyati-Sonrasi-Yorumlar.jpg 1080w, https:\/\/elvanbayraktar.com\/wp-content\/uploads\/2025\/05\/Kepce-Kulak-Ameliyati-Sonrasi-Yorumlar-300x200.jpg 300w, https:\/\/elvanbayraktar.com\/wp-content\/uploads\/2025\/05\/Kepce-Kulak-Ameliyati-Sonrasi-Yorumlar-1024x683.jpg 1024w, https:\/\/elvanbayraktar.com\/wp-content\/uploads\/2025\/05\/Kepce-Kulak-Ameliyati-Sonrasi-Yorumlar-768x512.jpg 768w\" sizes=\"(max-width: 1080px) 100vw, 1080px\" \/><figcaption id=\"caption-attachment-1504\" class=\"wp-caption-text\">Kommentare nach prominenter Ohrchirurgie<\/figcaption><\/figure>\n<h2>Prominente Ohrchirurgie Preis<\/h2>\n<p>Die Preise f\u00fcr Ohrenkorrekturen h\u00e4ngen von vielen Faktoren ab. Die in unserer Klinik durchgef\u00fchrte Operation der abstehenden Ohren (Otoplastik) wird individuell nach der Ohrstruktur und den \u00e4sthetischen Erwartungen unserer Patienten geplant. Die Kosten f\u00fcr die Operation k\u00f6nnen je nach Faktoren wie dem Grad der Deformierung der Ohren, dem Eingriff an einem oder an zwei Ohren, der Art der An\u00e4sthesie (Lokalan\u00e4sthesie oder Vollnarkose) und der Notwendigkeit zus\u00e4tzlicher Eingriffe variieren.<\/p>\n<p>Aufgrund der speziellen Techniken, die in unserer Klinik angewandt werden, und der patientenspezifischen Planung ist f\u00fcr eine klare Preisauskunft eine Voruntersuchung erforderlich. Sie k\u00f6nnen unsere Klinik<a href=\"https:\/\/elvanbayraktar.com\/de\/kontakt\/\"> kontaktieren<\/a>, um Preisinformationen zu erhalten.<\/p>\n<h2>Kommentare nach prominenter Ohrchirurgie<\/h2>\n<p>Die Kommentare nach einer prominenten Ohrenkorrektur spiegeln die Erfahrungen und Gef\u00fchle der Menschen dar\u00fcber wider, wie wichtig dieser Prozess ist. Im postoperativen Verlauf geben viele Menschen an, dass sie mit der Ver\u00e4nderung ihres Aussehens sehr zufrieden sind. Dar\u00fcber hinaus lauten die Kommentare nach einer in unserer Klinik durchgef\u00fchrten Prominenten-Ohr-Chirurgie wie folgt:<\/p>\n<ul>\n<li>&#8222;Meine abstehenden Ohren haben mir seit meiner Kindheit Probleme mit meinem Selbstbewusstsein bereitet. Vor allem, wenn ich mein Haar zusammensteckte, st\u00f6rten mich die Blicke der Leute immer. Nachdem ich Ihre Klinik kennengelernt hatte, informierte ich mich ausf\u00fchrlich \u00fcber den gesamten Prozess und entschied mich f\u00fcr eine Operation. Die Operation war wirklich viel einfacher als ich dachte. Nach der Operation hatte ich ein paar Tage lang leichte Schmerzen, aber ich habe mich schnell erholt. Wenn ich jetzt in den Spiegel schaue, macht mich die Harmonie meiner Ohren mit meinem Gesicht sehr gl\u00fccklich. Ich f\u00fchle mich viel freier.&#8220;<\/li>\n<li>&#8222;Viele Jahre lang musste ich meine Frisur nur so w\u00e4hlen, dass sie meine Ohren verdeckt. Der Gedanke an \u00c4sthetik machte mir Angst, aber mein Arzt in Ihrer Klinik war so beruhigend, dass mir die Entscheidung sehr leicht fiel. Der postoperative Prozess war viel angenehmer als ich erwartet hatte. Ich war ger\u00fchrt, als ich zum ersten Mal den neuen Zustand meiner Ohren sah, nachdem die Verb\u00e4nde abgenommen worden waren. Jetzt ist mein Gesichtsausdruck ausgeglichener und ich kann mein Haar frei verwenden. Das war eine Ver\u00e4nderung, die meine Lebensqualit\u00e4t wirklich verbessert hat.&#8220;<\/li>\n<li>&#8222;Ich war sehr ver\u00e4rgert, dass mein Kind in der Schule wegen seiner abstehenden Ohren geh\u00e4nselt wurde. Wir wollten diesen Eingriff in einem fr\u00fchen Alter vornehmen lassen und haben uns f\u00fcr Ihre Klinik entschieden. Sie haben ein geduldiges und f\u00fcrsorgliches Team mit einer starken Kommunikation mit Kindern. Mein Sohn hat die Operation sehr gut \u00fcberstanden und wurde w\u00e4hrend des Heilungsprozesses sehr gut betreut. Jetzt hat sein Selbstvertrauen in der Schule zugenommen und er z\u00f6gert nicht, sich die Haare zu schneiden. Ich bin Ihnen als Mutter sehr dankbar.&#8220;<\/li>\n<li>&#8222;Meine gr\u00f6\u00dfte Angst vor der Operation war, dass meine Ohren ihre Nat\u00fcrlichkeit verlieren w\u00fcrden. Aber dank der detaillierten Analyse und der pers\u00f6nlichen Betreuung in Ihrer Klinik habe ich genau das Ergebnis bekommen, das ich wollte. Meine Ohren sind jetzt proportional zu meinem Gesicht, aber es sieht aus, als w\u00e4ren sie so geboren worden. Au\u00dferdem haben die Pflegevorschl\u00e4ge und die Kontrollen nach dem Eingriff dazu beigetragen, dass ich den Prozess sehr angenehm verbringen konnte. Jeder, der es sieht, sagt &#8218;es sieht sehr nat\u00fcrlich aus&#8216; und das macht mich sehr gl\u00fccklich.&#8220;<\/li>\n<li>&#8222;Ich konnte mich wegen meiner abstehenden Ohren nie auf Fotos sehen. Jahrelang habe ich mich von der Idee einer Operation distanziert, aber nach einem Treffen mit Ihrer Klinik habe ich mich entschieden. Ich habe mich w\u00e4hrend des gesamten Prozesses sicher gef\u00fchlt. Die Operation war schnell, der Heilungsprozess war einfacher als ich erwartet hatte. Jetzt versuche ich nicht mehr, mein Gesicht zu verstecken, wenn ich Fotos mache. Diese Ver\u00e4nderung hat nicht nur meine Ohren, sondern auch meine Sicht auf mich selbst ver\u00e4ndert.&#8220;<\/li>\n<\/ul>\n<p>Auch bei der Gesichts\u00e4sthetik wird ein nat\u00fcrliches Erscheinungsbild angestrebt. <strong data-start=\"1396\" data-end=\"1512\"><a class=\"\" href=\"https:\/\/elvanbayraktar.com\/de\/bewertungen-von-personen-die-eine-nasolabial-fuellung-haben\/\" target=\"_new\" rel=\"noopener\" data-start=\"1398\" data-end=\"1510\">Bewertungen von Patienten, die sich Nasolabialf\u00fcllungen haben machen lassen<\/a><\/strong> Solche Eingriffe k\u00f6nnen als Erg\u00e4nzung zu der Operation der abstehenden Ohren betrachtet werden.<\/p>\n<h2>Fazit<\/h2>\n<p>Die Operation des abstehenden Ohres ist ein wichtiger Eingriff, sowohl im Hinblick auf die \u00c4sthetik als auch auf die psychologische Entlastung. Die Erfahrungen der Patienten in der postoperativen Phase zeigen, wie zufriedenstellend die Ergebnisse sein k\u00f6nnen. Die Kommentare sind im Allgemeinen positiv und betonen, dass sich die Patienten selbstbewusster und gl\u00fccklicher f\u00fchlen.<\/p>\n","protected":false},"excerpt":{"rendered":"<p>Die Operation des abstehenden Ohres (Otoplastik) geh\u00f6rt zu den chirurgischen Eingriffen, die vor allem aus \u00e4sthetischen Gr\u00fcnden bevorzugt werden und sich positiv auf das Selbstvertrauen auswirken. Die Kommentare unserer Patienten, die sich dieser Operation in unserer Klinik unterzogen haben, spiegeln ihre Zufriedenheit sowohl mit der Ver\u00e4nderung des physischen Aussehens als auch mit der psychologischen Erleichterung [&hellip;]<\/p>\n","protected":false},"author":1,"featured_media":2025,"comment_status":"closed","ping_status":"open","sticky":false,"template":"","format":"standard","meta":{"_acf_changed":false,"footnotes":""},"categories":[25],"tags":[],"class_list":["post-2023","post","type-post","status-publish","format-standard","has-post-thumbnail","hentry","category-nicht-kategorisiert"],"acf":[],"_links":{"self":[{"href":"https:\/\/elvanbayraktar.com\/de\/wp-json\/wp\/v2\/posts\/2023","targetHints":{"allow":["GET"]}}],"collection":[{"href":"https:\/\/elvanbayraktar.com\/de\/wp-json\/wp\/v2\/posts"}],"about":[{"href":"https:\/\/elvanbayraktar.com\/de\/wp-json\/wp\/v2\/types\/post"}],"author":[{"embeddable":true,"href":"https:\/\/elvanbayraktar.com\/de\/wp-json\/wp\/v2\/users\/1"}],"replies":[{"embeddable":true,"href":"https:\/\/elvanbayraktar.com\/de\/wp-json\/wp\/v2\/comments?post=2023"}],"version-history":[{"count":2,"href":"https:\/\/elvanbayraktar.com\/de\/wp-json\/wp\/v2\/posts\/2023\/revisions"}],"predecessor-version":[{"id":2621,"href":"https:\/\/elvanbayraktar.com\/de\/wp-json\/wp\/v2\/posts\/2023\/revisions\/2621"}],"wp:featuredmedia":[{"embeddable":true,"href":"https:\/\/elvanbayraktar.com\/de\/wp-json\/wp\/v2\/media\/2025"}],"wp:attachment":[{"href":"https:\/\/elvanbayraktar.com\/de\/wp-json\/wp\/v2\/media?parent=2023"}],"wp:term":[{"taxonomy":"category","embeddable":true,"href":"https:\/\/elvanbayraktar.com\/de\/wp-json\/wp\/v2\/categories?post=2023"},{"taxonomy":"post_tag","embeddable":true,"href":"https:\/\/elvanbayraktar.com\/de\/wp-json\/wp\/v2\/tags?post=2023"}],"curies":[{"name":"wp","href":"https:\/\/api.w.org\/{rel}","templated":true}]}}